{"id":204,"date":"2023-06-21T16:53:47","date_gmt":"2023-06-21T19:53:47","guid":{"rendered":"https:\/\/texpak.com.br\/blog\/?p=204"},"modified":"2023-06-21T16:53:48","modified_gmt":"2023-06-21T19:53:48","slug":"reciclagem-na-producao-de-tubos-de-papelao","status":"publish","type":"post","link":"https:\/\/texpak.com.br\/blog\/reciclagem-na-producao-de-tubos-de-papelao\/","title":{"rendered":"Reciclagem na produ\u00e7\u00e3o de tubos de papel\u00e3o"},"content":{"rendered":"\n<p>Em um mundo com recursos naturais cada vez mais escassos, promover a reciclagem \u00e9 uma a\u00e7\u00e3o cada vez mais empregada por empresas com responsabilidade ambiental. A TexPak, especializada na fabrica\u00e7\u00e3o de tubos de papel\u00e3o, faz parte desta rela\u00e7\u00e3o. Seus produtos, que atendem a diversos segmentos do ramo industrial, tem origem em mat\u00e9ria-prima reciclada.<\/p>\n\n\n\n<p>Para se entender a dimens\u00e3o da import\u00e2ncia da reciclagem, podemos observar por dois \u00e2ngulos distintos. O primeiro deles \u00e9 a redu\u00e7\u00e3o do impacto ambiental que a reciclagem oferece. Ao reutilizar uma mat\u00e9ria-prima deixa-se de retirar novos elementos da natureza.<\/p>\n\n\n\n<p>No caso do papel, poupa-se o meio ambiente da extra\u00e7\u00e3o da madeira e do consumo de milhares de litros de \u00e1gua empregados no processo de fabrica\u00e7\u00e3o. Essas duas atitudes, embora aparentemente simples, refletem diretamente no bem-estar coletivo e ajudam a diminuir os efeitos do aquecimento que atinge o planeta.<\/p>\n\n\n\n<p>Ao deixar de adquirir novos insumos no meio ambiente e investir em reciclagem, as ind\u00fastrias tamb\u00e9m colaboram para a redu\u00e7\u00e3o dos custos do processo de fabrica\u00e7\u00e3o dos produtos. Essa economia tem reflexos na sa\u00fade financeira das empresas, que passam a direcionar recursos para a contrata\u00e7\u00e3o de m\u00e3o de obra e moderniza\u00e7\u00e3o do maquin\u00e1rio, tornando os processos mais eficientes e aprimorando a qualidade do produto final.<\/p>\n\n\n\n<h2 class=\"wp-block-heading\">Conhe\u00e7a a TexPak<\/h2>\n\n\n\n<p>A TexPak \u00e9 uma empresa que utiliza mat\u00e9ria prima totalmente recicl\u00e1vel em sua produ\u00e7\u00e3o, permitindo a renova\u00e7\u00e3o de recursos ambientais. Conta com profissionais altamente qualificados, maquin\u00e1rio moderno e controle de qualidade rigoroso na fabrica\u00e7\u00e3o e comercializa\u00e7\u00e3o de tubos de papel\u00e3o.<\/p>\n\n\n\n<p>Sua produ\u00e7\u00e3o atende aos segmentos de embalagens flex\u00edveis, t\u00eaxteis, fia\u00e7\u00e3o e texturiza\u00e7\u00e3o, aplica\u00e7\u00e3o de fitas e pap\u00e9is, entre outras. Para saber mais sobre tubos de papel\u00e3o, entre em contato e fa\u00e7a seu or\u00e7amento!<\/p>\n\n\n\n<p>(19) 3464-9222 | (19) 99758-0100 | (19) 98406-3838<\/p>\n\n\n\n<p><a href=\"mailto:contato@texpak.com.br\">contato@texpak.com.br<\/a><\/p>\n","protected":false},"excerpt":{"rendered":"<p>Em um mundo com recursos naturais cada vez mais escassos, promover a reciclagem \u00e9 uma a\u00e7\u00e3o cada vez mais empregada por empresas com responsabilidade ambiental. A TexPak, especializada na fabrica\u00e7\u00e3o de tubos de papel\u00e3o, faz parte desta rela\u00e7\u00e3o. Seus produtos, que atendem a diversos segmentos do ramo industrial, tem origem em mat\u00e9ria-prima reciclada. Para se [&hellip;]<\/p>\n","protected":false},"author":1,"featured_media":197,"comment_status":"open","ping_status":"open","sticky":false,"template":"","format":"standard","meta":{"inline_featured_image":false,"footnotes":""},"categories":[4],"tags":[],"class_list":["post-204","post","type-post","status-publish","format-standard","has-post-thumbnail","hentry","category-tubos-de-papelao"],"yoast_head":"<!-- This site is optimized with the Yoast SEO plugin v27.5 - https:\/\/yoast.com\/product\/yoast-seo-wordpress\/ -->\n<title>Reciclagem na produ\u00e7\u00e3o de tubos de papel\u00e3o | TexPak<\/title>\n<meta name=\"description\" content=\"Em um mundo com recursos naturais cada vez mais escassos, promover a reciclagem \u00e9 uma a\u00e7\u00e3o cada vez mais empregada por empresas\" \/>\n<meta name=\"robots\" content=\"index, follow, max-snippet:-1, max-image-preview:large, max-video-preview:-1\" \/>\n<link rel=\"canonical\" href=\"https:\/\/texpak.com.br\/blog\/reciclagem-na-producao-de-tubos-de-papelao\/\" \/>\n<meta property=\"og:locale\" content=\"pt_BR\" \/>\n<meta property=\"og:type\" content=\"article\" \/>\n<meta property=\"og:title\" content=\"Reciclagem na produ\u00e7\u00e3o de tubos de papel\u00e3o | TexPak\" \/>\n<meta property=\"og:description\" content=\"Em um mundo com recursos naturais cada vez mais escassos, promover a reciclagem \u00e9 uma a\u00e7\u00e3o cada vez mais empregada por empresas\" \/>\n<meta property=\"og:url\" content=\"https:\/\/texpak.com.br\/blog\/reciclagem-na-producao-de-tubos-de-papelao\/\" \/>\n<meta property=\"og:site_name\" content=\"Texpak | Informa\u00e7\u00f5es e Not\u00edcias\" \/>\n<meta property=\"article:published_time\" content=\"2023-06-21T19:53:47+00:00\" \/>\n<meta property=\"article:modified_time\" content=\"2023-06-21T19:53:48+00:00\" \/>\n<meta property=\"og:image\" content=\"https:\/\/texpak.com.br\/blog\/wp-content\/uploads\/2023\/06\/post-reciclagem-producao-tubos-papelao-blog.jpg\" \/>\n\t<meta property=\"og:image:width\" content=\"1600\" \/>\n\t<meta property=\"og:image:height\" content=\"600\" \/>\n\t<meta property=\"og:image:type\" content=\"image\/jpeg\" \/>\n<meta name=\"author\" content=\"idonea\" \/>\n<meta name=\"twitter:card\" content=\"summary_large_image\" \/>\n<meta name=\"twitter:label1\" content=\"Escrito por\" \/>\n\t<meta name=\"twitter:data1\" content=\"idonea\" \/>\n\t<meta name=\"twitter:label2\" content=\"Est. tempo de leitura\" \/>\n\t<meta name=\"twitter:data2\" content=\"2 minutos\" \/>\n<script type=\"application\/ld+json\" class=\"yoast-schema-graph\">{\"@context\":\"https:\\\/\\\/schema.org\",\"@graph\":[{\"@type\":\"Article\",\"@id\":\"https:\\\/\\\/texpak.com.br\\\/blog\\\/reciclagem-na-producao-de-tubos-de-papelao\\\/#article\",\"isPartOf\":{\"@id\":\"https:\\\/\\\/texpak.com.br\\\/blog\\\/reciclagem-na-producao-de-tubos-de-papelao\\\/\"},\"author\":{\"name\":\"idonea\",\"@id\":\"https:\\\/\\\/texpak.com.br\\\/blog\\\/#\\\/schema\\\/person\\\/10630f2b866c5d8070b4c491a7aec830\"},\"headline\":\"Reciclagem na produ\u00e7\u00e3o de tubos de papel\u00e3o\",\"datePublished\":\"2023-06-21T19:53:47+00:00\",\"dateModified\":\"2023-06-21T19:53:48+00:00\",\"mainEntityOfPage\":{\"@id\":\"https:\\\/\\\/texpak.com.br\\\/blog\\\/reciclagem-na-producao-de-tubos-de-papelao\\\/\"},\"wordCount\":334,\"commentCount\":0,\"image\":{\"@id\":\"https:\\\/\\\/texpak.com.br\\\/blog\\\/reciclagem-na-producao-de-tubos-de-papelao\\\/#primaryimage\"},\"thumbnailUrl\":\"https:\\\/\\\/texpak.com.br\\\/blog\\\/wp-content\\\/uploads\\\/2023\\\/06\\\/post-reciclagem-producao-tubos-papelao-blog.jpg\",\"articleSection\":[\"Tubos de Papel\u00e3o\"],\"inLanguage\":\"pt-BR\",\"potentialAction\":[{\"@type\":\"CommentAction\",\"name\":\"Comment\",\"target\":[\"https:\\\/\\\/texpak.com.br\\\/blog\\\/reciclagem-na-producao-de-tubos-de-papelao\\\/#respond\"]}]},{\"@type\":\"WebPage\",\"@id\":\"https:\\\/\\\/texpak.com.br\\\/blog\\\/reciclagem-na-producao-de-tubos-de-papelao\\\/\",\"url\":\"https:\\\/\\\/texpak.com.br\\\/blog\\\/reciclagem-na-producao-de-tubos-de-papelao\\\/\",\"name\":\"Reciclagem na produ\u00e7\u00e3o de tubos de papel\u00e3o | TexPak\",\"isPartOf\":{\"@id\":\"https:\\\/\\\/texpak.com.br\\\/blog\\\/#website\"},\"primaryImageOfPage\":{\"@id\":\"https:\\\/\\\/texpak.com.br\\\/blog\\\/reciclagem-na-producao-de-tubos-de-papelao\\\/#primaryimage\"},\"image\":{\"@id\":\"https:\\\/\\\/texpak.com.br\\\/blog\\\/reciclagem-na-producao-de-tubos-de-papelao\\\/#primaryimage\"},\"thumbnailUrl\":\"https:\\\/\\\/texpak.com.br\\\/blog\\\/wp-content\\\/uploads\\\/2023\\\/06\\\/post-reciclagem-producao-tubos-papelao-blog.jpg\",\"datePublished\":\"2023-06-21T19:53:47+00:00\",\"dateModified\":\"2023-06-21T19:53:48+00:00\",\"author\":{\"@id\":\"https:\\\/\\\/texpak.com.br\\\/blog\\\/#\\\/schema\\\/person\\\/10630f2b866c5d8070b4c491a7aec830\"},\"description\":\"Em um mundo com recursos naturais cada vez mais escassos, promover a reciclagem \u00e9 uma a\u00e7\u00e3o cada vez mais empregada por empresas\",\"breadcrumb\":{\"@id\":\"https:\\\/\\\/texpak.com.br\\\/blog\\\/reciclagem-na-producao-de-tubos-de-papelao\\\/#breadcrumb\"},\"inLanguage\":\"pt-BR\",\"potentialAction\":[{\"@type\":\"ReadAction\",\"target\":[\"https:\\\/\\\/texpak.com.br\\\/blog\\\/reciclagem-na-producao-de-tubos-de-papelao\\\/\"]}]},{\"@type\":\"ImageObject\",\"inLanguage\":\"pt-BR\",\"@id\":\"https:\\\/\\\/texpak.com.br\\\/blog\\\/reciclagem-na-producao-de-tubos-de-papelao\\\/#primaryimage\",\"url\":\"https:\\\/\\\/texpak.com.br\\\/blog\\\/wp-content\\\/uploads\\\/2023\\\/06\\\/post-reciclagem-producao-tubos-papelao-blog.jpg\",\"contentUrl\":\"https:\\\/\\\/texpak.com.br\\\/blog\\\/wp-content\\\/uploads\\\/2023\\\/06\\\/post-reciclagem-producao-tubos-papelao-blog.jpg\",\"width\":1600,\"height\":600},{\"@type\":\"BreadcrumbList\",\"@id\":\"https:\\\/\\\/texpak.com.br\\\/blog\\\/reciclagem-na-producao-de-tubos-de-papelao\\\/#breadcrumb\",\"itemListElement\":[{\"@type\":\"ListItem\",\"position\":1,\"name\":\"In\u00edcio\",\"item\":\"https:\\\/\\\/texpak.com.br\\\/blog\\\/\"},{\"@type\":\"ListItem\",\"position\":2,\"name\":\"Reciclagem na produ\u00e7\u00e3o de tubos de papel\u00e3o\"}]},{\"@type\":\"WebSite\",\"@id\":\"https:\\\/\\\/texpak.com.br\\\/blog\\\/#website\",\"url\":\"https:\\\/\\\/texpak.com.br\\\/blog\\\/\",\"name\":\"Texpak | Informa\u00e7\u00f5es e Not\u00edcias\",\"description\":\"Tubos de papel\u00e3o um forte aliado em seus processos de fabrica\u00e7\u00e3o, armazenagem e at\u00e9 mesmo uso final dos seus produtos pelo consumidor.\",\"potentialAction\":[{\"@type\":\"SearchAction\",\"target\":{\"@type\":\"EntryPoint\",\"urlTemplate\":\"https:\\\/\\\/texpak.com.br\\\/blog\\\/?s={search_term_string}\"},\"query-input\":{\"@type\":\"PropertyValueSpecification\",\"valueRequired\":true,\"valueName\":\"search_term_string\"}}],\"inLanguage\":\"pt-BR\"},{\"@type\":\"Person\",\"@id\":\"https:\\\/\\\/texpak.com.br\\\/blog\\\/#\\\/schema\\\/person\\\/10630f2b866c5d8070b4c491a7aec830\",\"name\":\"idonea\",\"image\":{\"@type\":\"ImageObject\",\"inLanguage\":\"pt-BR\",\"@id\":\"https:\\\/\\\/secure.gravatar.com\\\/avatar\\\/2ca9b110f6b70ee29eca70b2f0f5cef72b092083fc2c446faae973e015e77bae?s=96&d=mm&r=g\",\"url\":\"https:\\\/\\\/secure.gravatar.com\\\/avatar\\\/2ca9b110f6b70ee29eca70b2f0f5cef72b092083fc2c446faae973e015e77bae?s=96&d=mm&r=g\",\"contentUrl\":\"https:\\\/\\\/secure.gravatar.com\\\/avatar\\\/2ca9b110f6b70ee29eca70b2f0f5cef72b092083fc2c446faae973e015e77bae?s=96&d=mm&r=g\",\"caption\":\"idonea\"},\"sameAs\":[\"https:\\\/\\\/texpak.com.br\\\/blog\"],\"url\":\"https:\\\/\\\/texpak.com.br\\\/blog\\\/author\\\/idonea\\\/\"}]}<\/script>\n<!-- \/ Yoast SEO plugin. -->","yoast_head_json":{"title":"Reciclagem na produ\u00e7\u00e3o de tubos de papel\u00e3o | TexPak","description":"Em um mundo com recursos naturais cada vez mais escassos, promover a reciclagem \u00e9 uma a\u00e7\u00e3o cada vez mais empregada por empresas","robots":{"index":"index","follow":"follow","max-snippet":"max-snippet:-1","max-image-preview":"max-image-preview:large","max-video-preview":"max-video-preview:-1"},"canonical":"https:\/\/texpak.com.br\/blog\/reciclagem-na-producao-de-tubos-de-papelao\/","og_locale":"pt_BR","og_type":"article","og_title":"Reciclagem na produ\u00e7\u00e3o de tubos de papel\u00e3o | TexPak","og_description":"Em um mundo com recursos naturais cada vez mais escassos, promover a reciclagem \u00e9 uma a\u00e7\u00e3o cada vez mais empregada por empresas","og_url":"https:\/\/texpak.com.br\/blog\/reciclagem-na-producao-de-tubos-de-papelao\/","og_site_name":"Texpak | Informa\u00e7\u00f5es e Not\u00edcias","article_published_time":"2023-06-21T19:53:47+00:00","article_modified_time":"2023-06-21T19:53:48+00:00","og_image":[{"width":1600,"height":600,"url":"https:\/\/texpak.com.br\/blog\/wp-content\/uploads\/2023\/06\/post-reciclagem-producao-tubos-papelao-blog.jpg","type":"image\/jpeg"}],"author":"idonea","twitter_card":"summary_large_image","twitter_misc":{"Escrito por":"idonea","Est. tempo de leitura":"2 minutos"},"schema":{"@context":"https:\/\/schema.org","@graph":[{"@type":"Article","@id":"https:\/\/texpak.com.br\/blog\/reciclagem-na-producao-de-tubos-de-papelao\/#article","isPartOf":{"@id":"https:\/\/texpak.com.br\/blog\/reciclagem-na-producao-de-tubos-de-papelao\/"},"author":{"name":"idonea","@id":"https:\/\/texpak.com.br\/blog\/#\/schema\/person\/10630f2b866c5d8070b4c491a7aec830"},"headline":"Reciclagem na produ\u00e7\u00e3o de tubos de papel\u00e3o","datePublished":"2023-06-21T19:53:47+00:00","dateModified":"2023-06-21T19:53:48+00:00","mainEntityOfPage":{"@id":"https:\/\/texpak.com.br\/blog\/reciclagem-na-producao-de-tubos-de-papelao\/"},"wordCount":334,"commentCount":0,"image":{"@id":"https:\/\/texpak.com.br\/blog\/reciclagem-na-producao-de-tubos-de-papelao\/#primaryimage"},"thumbnailUrl":"https:\/\/texpak.com.br\/blog\/wp-content\/uploads\/2023\/06\/post-reciclagem-producao-tubos-papelao-blog.jpg","articleSection":["Tubos de Papel\u00e3o"],"inLanguage":"pt-BR","potentialAction":[{"@type":"CommentAction","name":"Comment","target":["https:\/\/texpak.com.br\/blog\/reciclagem-na-producao-de-tubos-de-papelao\/#respond"]}]},{"@type":"WebPage","@id":"https:\/\/texpak.com.br\/blog\/reciclagem-na-producao-de-tubos-de-papelao\/","url":"https:\/\/texpak.com.br\/blog\/reciclagem-na-producao-de-tubos-de-papelao\/","name":"Reciclagem na produ\u00e7\u00e3o de tubos de papel\u00e3o | TexPak","isPartOf":{"@id":"https:\/\/texpak.com.br\/blog\/#website"},"primaryImageOfPage":{"@id":"https:\/\/texpak.com.br\/blog\/reciclagem-na-producao-de-tubos-de-papelao\/#primaryimage"},"image":{"@id":"https:\/\/texpak.com.br\/blog\/reciclagem-na-producao-de-tubos-de-papelao\/#primaryimage"},"thumbnailUrl":"https:\/\/texpak.com.br\/blog\/wp-content\/uploads\/2023\/06\/post-reciclagem-producao-tubos-papelao-blog.jpg","datePublished":"2023-06-21T19:53:47+00:00","dateModified":"2023-06-21T19:53:48+00:00","author":{"@id":"https:\/\/texpak.com.br\/blog\/#\/schema\/person\/10630f2b866c5d8070b4c491a7aec830"},"description":"Em um mundo com recursos naturais cada vez mais escassos, promover a reciclagem \u00e9 uma a\u00e7\u00e3o cada vez mais empregada por empresas","breadcrumb":{"@id":"https:\/\/texpak.com.br\/blog\/reciclagem-na-producao-de-tubos-de-papelao\/#breadcrumb"},"inLanguage":"pt-BR","potentialAction":[{"@type":"ReadAction","target":["https:\/\/texpak.com.br\/blog\/reciclagem-na-producao-de-tubos-de-papelao\/"]}]},{"@type":"ImageObject","inLanguage":"pt-BR","@id":"https:\/\/texpak.com.br\/blog\/reciclagem-na-producao-de-tubos-de-papelao\/#primaryimage","url":"https:\/\/texpak.com.br\/blog\/wp-content\/uploads\/2023\/06\/post-reciclagem-producao-tubos-papelao-blog.jpg","contentUrl":"https:\/\/texpak.com.br\/blog\/wp-content\/uploads\/2023\/06\/post-reciclagem-producao-tubos-papelao-blog.jpg","width":1600,"height":600},{"@type":"BreadcrumbList","@id":"https:\/\/texpak.com.br\/blog\/reciclagem-na-producao-de-tubos-de-papelao\/#breadcrumb","itemListElement":[{"@type":"ListItem","position":1,"name":"In\u00edcio","item":"https:\/\/texpak.com.br\/blog\/"},{"@type":"ListItem","position":2,"name":"Reciclagem na produ\u00e7\u00e3o de tubos de papel\u00e3o"}]},{"@type":"WebSite","@id":"https:\/\/texpak.com.br\/blog\/#website","url":"https:\/\/texpak.com.br\/blog\/","name":"Texpak | Informa\u00e7\u00f5es e Not\u00edcias","description":"Tubos de papel\u00e3o um forte aliado em seus processos de fabrica\u00e7\u00e3o, armazenagem e at\u00e9 mesmo uso final dos seus produtos pelo consumidor.","potentialAction":[{"@type":"SearchAction","target":{"@type":"EntryPoint","urlTemplate":"https:\/\/texpak.com.br\/blog\/?s={search_term_string}"},"query-input":{"@type":"PropertyValueSpecification","valueRequired":true,"valueName":"search_term_string"}}],"inLanguage":"pt-BR"},{"@type":"Person","@id":"https:\/\/texpak.com.br\/blog\/#\/schema\/person\/10630f2b866c5d8070b4c491a7aec830","name":"idonea","image":{"@type":"ImageObject","inLanguage":"pt-BR","@id":"https:\/\/secure.gravatar.com\/avatar\/2ca9b110f6b70ee29eca70b2f0f5cef72b092083fc2c446faae973e015e77bae?s=96&d=mm&r=g","url":"https:\/\/secure.gravatar.com\/avatar\/2ca9b110f6b70ee29eca70b2f0f5cef72b092083fc2c446faae973e015e77bae?s=96&d=mm&r=g","contentUrl":"https:\/\/secure.gravatar.com\/avatar\/2ca9b110f6b70ee29eca70b2f0f5cef72b092083fc2c446faae973e015e77bae?s=96&d=mm&r=g","caption":"idonea"},"sameAs":["https:\/\/texpak.com.br\/blog"],"url":"https:\/\/texpak.com.br\/blog\/author\/idonea\/"}]}},"_links":{"self":[{"href":"https:\/\/texpak.com.br\/blog\/wp-json\/wp\/v2\/posts\/204","targetHints":{"allow":["GET"]}}],"collection":[{"href":"https:\/\/texpak.com.br\/blog\/wp-json\/wp\/v2\/posts"}],"about":[{"href":"https:\/\/texpak.com.br\/blog\/wp-json\/wp\/v2\/types\/post"}],"author":[{"embeddable":true,"href":"https:\/\/texpak.com.br\/blog\/wp-json\/wp\/v2\/users\/1"}],"replies":[{"embeddable":true,"href":"https:\/\/texpak.com.br\/blog\/wp-json\/wp\/v2\/comments?post=204"}],"version-history":[{"count":1,"href":"https:\/\/texpak.com.br\/blog\/wp-json\/wp\/v2\/posts\/204\/revisions"}],"predecessor-version":[{"id":205,"href":"https:\/\/texpak.com.br\/blog\/wp-json\/wp\/v2\/posts\/204\/revisions\/205"}],"wp:featuredmedia":[{"embeddable":true,"href":"https:\/\/texpak.com.br\/blog\/wp-json\/wp\/v2\/media\/197"}],"wp:attachment":[{"href":"https:\/\/texpak.com.br\/blog\/wp-json\/wp\/v2\/media?parent=204"}],"wp:term":[{"taxonomy":"category","embeddable":true,"href":"https:\/\/texpak.com.br\/blog\/wp-json\/wp\/v2\/categories?post=204"},{"taxonomy":"post_tag","embeddable":true,"href":"https:\/\/texpak.com.br\/blog\/wp-json\/wp\/v2\/tags?post=204"}],"curies":[{"name":"wp","href":"https:\/\/api.w.org\/{rel}","templated":true}]}}