{"id":334,"date":"2023-11-06T13:22:36","date_gmt":"2023-11-06T16:22:36","guid":{"rendered":"https:\/\/texpak.com.br\/blog\/?p=334"},"modified":"2023-11-06T13:22:37","modified_gmt":"2023-11-06T16:22:37","slug":"sustentabilidade-e-responsabilidade-ambiental-o-compromisso-da-texpak-com-o-meio-ambiente","status":"publish","type":"post","link":"https:\/\/texpak.com.br\/blog\/sustentabilidade-e-responsabilidade-ambiental-o-compromisso-da-texpak-com-o-meio-ambiente\/","title":{"rendered":"Sustentabilidade e responsabilidade ambiental: O compromisso da TexPak com o meio ambiente"},"content":{"rendered":"\n<p>A preserva\u00e7\u00e3o do meio ambiente tornou-se um tema de grande relev\u00e2ncia nos \u00faltimos anos, \u00e0 medida que a conscientiza\u00e7\u00e3o sobre os impactos da atividade humana na natureza aumentou significativamente.<\/p>\n\n\n\n<p>Nesse contexto, empresas de todos os setores t\u00eam buscado adotar pr\u00e1ticas mais sustent\u00e1veis e demonstrar seu compromisso com a responsabilidade ambiental. A TexPak, uma empresa especializada na fabrica\u00e7\u00e3o de tubos de papel\u00e3o, n\u00e3o \u00e9 exce\u00e7\u00e3o e tem desempenhado um papel fundamental na promo\u00e7\u00e3o da sustentabilidade em seu setor.<\/p>\n\n\n\n<h2 class=\"wp-block-heading\">Materiais Sustent\u00e1veis<\/h2>\n\n\n\n<p>Um dos principais pilares do compromisso da TexPak com o meio ambiente \u00e9 a escolha cuidadosa de materiais sustent\u00e1veis em sua produ\u00e7\u00e3o. Os tubos de papel\u00e3o fabricados pela empresa s\u00e3o produzidos com papel reciclado e recicl\u00e1vel. Isso n\u00e3o apenas reduz a demanda por \u00e1rvores virgens, mas tamb\u00e9m minimiza o desperd\u00edcio de recursos naturais.<\/p>\n\n\n\n<p>A empresa est\u00e1 constantemente pesquisando e implementando novas tecnologias e processos que reduzem seu consumo de energia e \u00e1gua, contribuindo assim para a conserva\u00e7\u00e3o dos recursos naturais.<\/p>\n\n\n\n<h2 class=\"wp-block-heading\">Reciclagem e Reutiliza\u00e7\u00e3o<\/h2>\n\n\n\n<p>A TexPak n\u00e3o apenas fabrica produtos sustent\u00e1veis, mas tamb\u00e9m promove ativamente a reciclagem e a reutiliza\u00e7\u00e3o.<\/p>\n\n\n\n<p>Os tubos de papel\u00e3o s\u00e3o altamente recicl\u00e1veis, o que significa que, ap\u00f3s o uso, eles podem ser facilmente transformados em novos produtos de papel. Al\u00e9m disso, a empresa incentiva seus clientes a adotar pr\u00e1ticas de reutiliza\u00e7\u00e3o, como a utiliza\u00e7\u00e3o de tubos de papel\u00e3o usados em suas opera\u00e7\u00f5es.<\/p>\n\n\n\n<h2 class=\"wp-block-heading\">Redu\u00e7\u00e3o de Emiss\u00f5es de Carbono<\/h2>\n\n\n\n<p>A TexPak reconhece a import\u00e2ncia de reduzir as emiss\u00f5es de carbono em suas opera\u00e7\u00f5es. Para isso, a empresa investe em tecnologias de produ\u00e7\u00e3o mais eficientes do ponto de vista energ\u00e9tico e adota pr\u00e1ticas de transporte sustent\u00e1veis. Isso demonstra um esfor\u00e7o genu\u00edno da empresa para minimizar seu impacto no clima global.<\/p>\n\n\n\n<h2 class=\"wp-block-heading\">Responsabilidade Social Corporativa<\/h2>\n\n\n\n<p>Al\u00e9m de seu compromisso com a sustentabilidade ambiental, a TexPak tamb\u00e9m se preocupa com a responsabilidade social corporativa, mantendo um ambiente de trabalho seguro e saud\u00e1vel para seus funcion\u00e1rios, garantindo que eles sejam tratados com dignidade e respeito.<\/p>\n\n\n\n<h2 class=\"wp-block-heading\">Conclus\u00e3o<\/h2>\n\n\n\n<p>A TexPak est\u00e1 comprometida em ser uma empresa l\u00edder em sustentabilidade e responsabilidade ambiental em seu setor. Ao adotar pr\u00e1ticas respons\u00e1veis, escolher materiais sustent\u00e1veis e promover a reciclagem e a reutiliza\u00e7\u00e3o, a empresa est\u00e1 fazendo a sua parte na preserva\u00e7\u00e3o do meio ambiente.<\/p>\n\n\n\n<p>Com essa abordagem hol\u00edstica, a TexPak inspira outras empresas a seguirem o mesmo caminho em dire\u00e7\u00e3o a um futuro mais sustent\u00e1vel e respons\u00e1vel ambientalmente.<\/p>\n\n\n\n<p>Acesse nosso site e saiba mais sobre a nossa atua\u00e7\u00e3o. Converse com um de nossos consultores. A TexPak tem solu\u00e7\u00f5es em tubos de papel\u00e3o para sua empresa!<\/p>\n","protected":false},"excerpt":{"rendered":"<p>A preserva\u00e7\u00e3o do meio ambiente tornou-se um tema de grande relev\u00e2ncia nos \u00faltimos anos, \u00e0 medida que a conscientiza\u00e7\u00e3o sobre os impactos da atividade humana na natureza aumentou significativamente. Nesse contexto, empresas de todos os setores t\u00eam buscado adotar pr\u00e1ticas mais sustent\u00e1veis e demonstrar seu compromisso com a responsabilidade ambiental. A TexPak, uma empresa especializada [&hellip;]<\/p>\n","protected":false},"author":1,"featured_media":335,"comment_status":"open","ping_status":"open","sticky":false,"template":"","format":"standard","meta":{"inline_featured_image":false,"footnotes":""},"categories":[10,4],"tags":[],"class_list":["post-334","post","type-post","status-publish","format-standard","has-post-thumbnail","hentry","category-aplicacoes","category-tubos-de-papelao"],"yoast_head":"<!-- This site is optimized with the Yoast SEO plugin v27.5 - https:\/\/yoast.com\/product\/yoast-seo-wordpress\/ -->\n<title>Sustentabilidade e responsabilidade ambiental | TexPak<\/title>\n<meta name=\"description\" content=\"A preserva\u00e7\u00e3o do meio ambiente tornou-se um tema de grande relev\u00e2ncia nos \u00faltimos anos, \u00e0 medida que a conscientiza\u00e7\u00e3o sobre os impactos...\" \/>\n<meta name=\"robots\" content=\"index, follow, max-snippet:-1, max-image-preview:large, max-video-preview:-1\" \/>\n<link rel=\"canonical\" href=\"https:\/\/texpak.com.br\/blog\/sustentabilidade-e-responsabilidade-ambiental-o-compromisso-da-texpak-com-o-meio-ambiente\/\" \/>\n<meta property=\"og:locale\" content=\"pt_BR\" \/>\n<meta property=\"og:type\" content=\"article\" \/>\n<meta property=\"og:title\" content=\"Sustentabilidade e responsabilidade ambiental | TexPak\" \/>\n<meta property=\"og:description\" content=\"A preserva\u00e7\u00e3o do meio ambiente tornou-se um tema de grande relev\u00e2ncia nos \u00faltimos anos, \u00e0 medida que a conscientiza\u00e7\u00e3o sobre os impactos...\" \/>\n<meta property=\"og:url\" content=\"https:\/\/texpak.com.br\/blog\/sustentabilidade-e-responsabilidade-ambiental-o-compromisso-da-texpak-com-o-meio-ambiente\/\" \/>\n<meta property=\"og:site_name\" content=\"Texpak | Informa\u00e7\u00f5es e Not\u00edcias\" \/>\n<meta property=\"article:published_time\" content=\"2023-11-06T16:22:36+00:00\" \/>\n<meta property=\"article:modified_time\" content=\"2023-11-06T16:22:37+00:00\" \/>\n<meta property=\"og:image\" content=\"https:\/\/texpak.com.br\/blog\/wp-content\/uploads\/2023\/11\/sustentabilidade-e-responsabilidade-ambiental.jpg\" \/>\n\t<meta property=\"og:image:width\" content=\"1600\" \/>\n\t<meta property=\"og:image:height\" content=\"600\" \/>\n\t<meta property=\"og:image:type\" content=\"image\/jpeg\" \/>\n<meta name=\"author\" content=\"idonea\" \/>\n<meta name=\"twitter:card\" content=\"summary_large_image\" \/>\n<meta name=\"twitter:label1\" content=\"Escrito por\" \/>\n\t<meta name=\"twitter:data1\" content=\"idonea\" \/>\n\t<meta name=\"twitter:label2\" content=\"Est. tempo de leitura\" \/>\n\t<meta name=\"twitter:data2\" content=\"3 minutos\" \/>\n<script type=\"application\/ld+json\" class=\"yoast-schema-graph\">{\"@context\":\"https:\\\/\\\/schema.org\",\"@graph\":[{\"@type\":\"Article\",\"@id\":\"https:\\\/\\\/texpak.com.br\\\/blog\\\/sustentabilidade-e-responsabilidade-ambiental-o-compromisso-da-texpak-com-o-meio-ambiente\\\/#article\",\"isPartOf\":{\"@id\":\"https:\\\/\\\/texpak.com.br\\\/blog\\\/sustentabilidade-e-responsabilidade-ambiental-o-compromisso-da-texpak-com-o-meio-ambiente\\\/\"},\"author\":{\"name\":\"idonea\",\"@id\":\"https:\\\/\\\/texpak.com.br\\\/blog\\\/#\\\/schema\\\/person\\\/10630f2b866c5d8070b4c491a7aec830\"},\"headline\":\"Sustentabilidade e responsabilidade ambiental: O compromisso da TexPak com o meio ambiente\",\"datePublished\":\"2023-11-06T16:22:36+00:00\",\"dateModified\":\"2023-11-06T16:22:37+00:00\",\"mainEntityOfPage\":{\"@id\":\"https:\\\/\\\/texpak.com.br\\\/blog\\\/sustentabilidade-e-responsabilidade-ambiental-o-compromisso-da-texpak-com-o-meio-ambiente\\\/\"},\"wordCount\":490,\"commentCount\":0,\"image\":{\"@id\":\"https:\\\/\\\/texpak.com.br\\\/blog\\\/sustentabilidade-e-responsabilidade-ambiental-o-compromisso-da-texpak-com-o-meio-ambiente\\\/#primaryimage\"},\"thumbnailUrl\":\"https:\\\/\\\/texpak.com.br\\\/blog\\\/wp-content\\\/uploads\\\/2023\\\/11\\\/sustentabilidade-e-responsabilidade-ambiental.jpg\",\"articleSection\":[\"Aplica\u00e7\u00f5es\",\"Tubos de Papel\u00e3o\"],\"inLanguage\":\"pt-BR\",\"potentialAction\":[{\"@type\":\"CommentAction\",\"name\":\"Comment\",\"target\":[\"https:\\\/\\\/texpak.com.br\\\/blog\\\/sustentabilidade-e-responsabilidade-ambiental-o-compromisso-da-texpak-com-o-meio-ambiente\\\/#respond\"]}]},{\"@type\":\"WebPage\",\"@id\":\"https:\\\/\\\/texpak.com.br\\\/blog\\\/sustentabilidade-e-responsabilidade-ambiental-o-compromisso-da-texpak-com-o-meio-ambiente\\\/\",\"url\":\"https:\\\/\\\/texpak.com.br\\\/blog\\\/sustentabilidade-e-responsabilidade-ambiental-o-compromisso-da-texpak-com-o-meio-ambiente\\\/\",\"name\":\"Sustentabilidade e responsabilidade ambiental | TexPak\",\"isPartOf\":{\"@id\":\"https:\\\/\\\/texpak.com.br\\\/blog\\\/#website\"},\"primaryImageOfPage\":{\"@id\":\"https:\\\/\\\/texpak.com.br\\\/blog\\\/sustentabilidade-e-responsabilidade-ambiental-o-compromisso-da-texpak-com-o-meio-ambiente\\\/#primaryimage\"},\"image\":{\"@id\":\"https:\\\/\\\/texpak.com.br\\\/blog\\\/sustentabilidade-e-responsabilidade-ambiental-o-compromisso-da-texpak-com-o-meio-ambiente\\\/#primaryimage\"},\"thumbnailUrl\":\"https:\\\/\\\/texpak.com.br\\\/blog\\\/wp-content\\\/uploads\\\/2023\\\/11\\\/sustentabilidade-e-responsabilidade-ambiental.jpg\",\"datePublished\":\"2023-11-06T16:22:36+00:00\",\"dateModified\":\"2023-11-06T16:22:37+00:00\",\"author\":{\"@id\":\"https:\\\/\\\/texpak.com.br\\\/blog\\\/#\\\/schema\\\/person\\\/10630f2b866c5d8070b4c491a7aec830\"},\"description\":\"A preserva\u00e7\u00e3o do meio ambiente tornou-se um tema de grande relev\u00e2ncia nos \u00faltimos anos, \u00e0 medida que a conscientiza\u00e7\u00e3o sobre os impactos...\",\"breadcrumb\":{\"@id\":\"https:\\\/\\\/texpak.com.br\\\/blog\\\/sustentabilidade-e-responsabilidade-ambiental-o-compromisso-da-texpak-com-o-meio-ambiente\\\/#breadcrumb\"},\"inLanguage\":\"pt-BR\",\"potentialAction\":[{\"@type\":\"ReadAction\",\"target\":[\"https:\\\/\\\/texpak.com.br\\\/blog\\\/sustentabilidade-e-responsabilidade-ambiental-o-compromisso-da-texpak-com-o-meio-ambiente\\\/\"]}]},{\"@type\":\"ImageObject\",\"inLanguage\":\"pt-BR\",\"@id\":\"https:\\\/\\\/texpak.com.br\\\/blog\\\/sustentabilidade-e-responsabilidade-ambiental-o-compromisso-da-texpak-com-o-meio-ambiente\\\/#primaryimage\",\"url\":\"https:\\\/\\\/texpak.com.br\\\/blog\\\/wp-content\\\/uploads\\\/2023\\\/11\\\/sustentabilidade-e-responsabilidade-ambiental.jpg\",\"contentUrl\":\"https:\\\/\\\/texpak.com.br\\\/blog\\\/wp-content\\\/uploads\\\/2023\\\/11\\\/sustentabilidade-e-responsabilidade-ambiental.jpg\",\"width\":1600,\"height\":600},{\"@type\":\"BreadcrumbList\",\"@id\":\"https:\\\/\\\/texpak.com.br\\\/blog\\\/sustentabilidade-e-responsabilidade-ambiental-o-compromisso-da-texpak-com-o-meio-ambiente\\\/#breadcrumb\",\"itemListElement\":[{\"@type\":\"ListItem\",\"position\":1,\"name\":\"In\u00edcio\",\"item\":\"https:\\\/\\\/texpak.com.br\\\/blog\\\/\"},{\"@type\":\"ListItem\",\"position\":2,\"name\":\"Sustentabilidade e responsabilidade ambiental: O compromisso da TexPak com o meio ambiente\"}]},{\"@type\":\"WebSite\",\"@id\":\"https:\\\/\\\/texpak.com.br\\\/blog\\\/#website\",\"url\":\"https:\\\/\\\/texpak.com.br\\\/blog\\\/\",\"name\":\"Texpak | Informa\u00e7\u00f5es e Not\u00edcias\",\"description\":\"Tubos de papel\u00e3o um forte aliado em seus processos de fabrica\u00e7\u00e3o, armazenagem e at\u00e9 mesmo uso final dos seus produtos pelo consumidor.\",\"potentialAction\":[{\"@type\":\"SearchAction\",\"target\":{\"@type\":\"EntryPoint\",\"urlTemplate\":\"https:\\\/\\\/texpak.com.br\\\/blog\\\/?s={search_term_string}\"},\"query-input\":{\"@type\":\"PropertyValueSpecification\",\"valueRequired\":true,\"valueName\":\"search_term_string\"}}],\"inLanguage\":\"pt-BR\"},{\"@type\":\"Person\",\"@id\":\"https:\\\/\\\/texpak.com.br\\\/blog\\\/#\\\/schema\\\/person\\\/10630f2b866c5d8070b4c491a7aec830\",\"name\":\"idonea\",\"image\":{\"@type\":\"ImageObject\",\"inLanguage\":\"pt-BR\",\"@id\":\"https:\\\/\\\/secure.gravatar.com\\\/avatar\\\/2ca9b110f6b70ee29eca70b2f0f5cef72b092083fc2c446faae973e015e77bae?s=96&d=mm&r=g\",\"url\":\"https:\\\/\\\/secure.gravatar.com\\\/avatar\\\/2ca9b110f6b70ee29eca70b2f0f5cef72b092083fc2c446faae973e015e77bae?s=96&d=mm&r=g\",\"contentUrl\":\"https:\\\/\\\/secure.gravatar.com\\\/avatar\\\/2ca9b110f6b70ee29eca70b2f0f5cef72b092083fc2c446faae973e015e77bae?s=96&d=mm&r=g\",\"caption\":\"idonea\"},\"sameAs\":[\"https:\\\/\\\/texpak.com.br\\\/blog\"],\"url\":\"https:\\\/\\\/texpak.com.br\\\/blog\\\/author\\\/idonea\\\/\"}]}<\/script>\n<!-- \/ Yoast SEO plugin. -->","yoast_head_json":{"title":"Sustentabilidade e responsabilidade ambiental | TexPak","description":"A preserva\u00e7\u00e3o do meio ambiente tornou-se um tema de grande relev\u00e2ncia nos \u00faltimos anos, \u00e0 medida que a conscientiza\u00e7\u00e3o sobre os impactos...","robots":{"index":"index","follow":"follow","max-snippet":"max-snippet:-1","max-image-preview":"max-image-preview:large","max-video-preview":"max-video-preview:-1"},"canonical":"https:\/\/texpak.com.br\/blog\/sustentabilidade-e-responsabilidade-ambiental-o-compromisso-da-texpak-com-o-meio-ambiente\/","og_locale":"pt_BR","og_type":"article","og_title":"Sustentabilidade e responsabilidade ambiental | TexPak","og_description":"A preserva\u00e7\u00e3o do meio ambiente tornou-se um tema de grande relev\u00e2ncia nos \u00faltimos anos, \u00e0 medida que a conscientiza\u00e7\u00e3o sobre os impactos...","og_url":"https:\/\/texpak.com.br\/blog\/sustentabilidade-e-responsabilidade-ambiental-o-compromisso-da-texpak-com-o-meio-ambiente\/","og_site_name":"Texpak | Informa\u00e7\u00f5es e Not\u00edcias","article_published_time":"2023-11-06T16:22:36+00:00","article_modified_time":"2023-11-06T16:22:37+00:00","og_image":[{"width":1600,"height":600,"url":"https:\/\/texpak.com.br\/blog\/wp-content\/uploads\/2023\/11\/sustentabilidade-e-responsabilidade-ambiental.jpg","type":"image\/jpeg"}],"author":"idonea","twitter_card":"summary_large_image","twitter_misc":{"Escrito por":"idonea","Est. tempo de leitura":"3 minutos"},"schema":{"@context":"https:\/\/schema.org","@graph":[{"@type":"Article","@id":"https:\/\/texpak.com.br\/blog\/sustentabilidade-e-responsabilidade-ambiental-o-compromisso-da-texpak-com-o-meio-ambiente\/#article","isPartOf":{"@id":"https:\/\/texpak.com.br\/blog\/sustentabilidade-e-responsabilidade-ambiental-o-compromisso-da-texpak-com-o-meio-ambiente\/"},"author":{"name":"idonea","@id":"https:\/\/texpak.com.br\/blog\/#\/schema\/person\/10630f2b866c5d8070b4c491a7aec830"},"headline":"Sustentabilidade e responsabilidade ambiental: O compromisso da TexPak com o meio ambiente","datePublished":"2023-11-06T16:22:36+00:00","dateModified":"2023-11-06T16:22:37+00:00","mainEntityOfPage":{"@id":"https:\/\/texpak.com.br\/blog\/sustentabilidade-e-responsabilidade-ambiental-o-compromisso-da-texpak-com-o-meio-ambiente\/"},"wordCount":490,"commentCount":0,"image":{"@id":"https:\/\/texpak.com.br\/blog\/sustentabilidade-e-responsabilidade-ambiental-o-compromisso-da-texpak-com-o-meio-ambiente\/#primaryimage"},"thumbnailUrl":"https:\/\/texpak.com.br\/blog\/wp-content\/uploads\/2023\/11\/sustentabilidade-e-responsabilidade-ambiental.jpg","articleSection":["Aplica\u00e7\u00f5es","Tubos de Papel\u00e3o"],"inLanguage":"pt-BR","potentialAction":[{"@type":"CommentAction","name":"Comment","target":["https:\/\/texpak.com.br\/blog\/sustentabilidade-e-responsabilidade-ambiental-o-compromisso-da-texpak-com-o-meio-ambiente\/#respond"]}]},{"@type":"WebPage","@id":"https:\/\/texpak.com.br\/blog\/sustentabilidade-e-responsabilidade-ambiental-o-compromisso-da-texpak-com-o-meio-ambiente\/","url":"https:\/\/texpak.com.br\/blog\/sustentabilidade-e-responsabilidade-ambiental-o-compromisso-da-texpak-com-o-meio-ambiente\/","name":"Sustentabilidade e responsabilidade ambiental | TexPak","isPartOf":{"@id":"https:\/\/texpak.com.br\/blog\/#website"},"primaryImageOfPage":{"@id":"https:\/\/texpak.com.br\/blog\/sustentabilidade-e-responsabilidade-ambiental-o-compromisso-da-texpak-com-o-meio-ambiente\/#primaryimage"},"image":{"@id":"https:\/\/texpak.com.br\/blog\/sustentabilidade-e-responsabilidade-ambiental-o-compromisso-da-texpak-com-o-meio-ambiente\/#primaryimage"},"thumbnailUrl":"https:\/\/texpak.com.br\/blog\/wp-content\/uploads\/2023\/11\/sustentabilidade-e-responsabilidade-ambiental.jpg","datePublished":"2023-11-06T16:22:36+00:00","dateModified":"2023-11-06T16:22:37+00:00","author":{"@id":"https:\/\/texpak.com.br\/blog\/#\/schema\/person\/10630f2b866c5d8070b4c491a7aec830"},"description":"A preserva\u00e7\u00e3o do meio ambiente tornou-se um tema de grande relev\u00e2ncia nos \u00faltimos anos, \u00e0 medida que a conscientiza\u00e7\u00e3o sobre os impactos...","breadcrumb":{"@id":"https:\/\/texpak.com.br\/blog\/sustentabilidade-e-responsabilidade-ambiental-o-compromisso-da-texpak-com-o-meio-ambiente\/#breadcrumb"},"inLanguage":"pt-BR","potentialAction":[{"@type":"ReadAction","target":["https:\/\/texpak.com.br\/blog\/sustentabilidade-e-responsabilidade-ambiental-o-compromisso-da-texpak-com-o-meio-ambiente\/"]}]},{"@type":"ImageObject","inLanguage":"pt-BR","@id":"https:\/\/texpak.com.br\/blog\/sustentabilidade-e-responsabilidade-ambiental-o-compromisso-da-texpak-com-o-meio-ambiente\/#primaryimage","url":"https:\/\/texpak.com.br\/blog\/wp-content\/uploads\/2023\/11\/sustentabilidade-e-responsabilidade-ambiental.jpg","contentUrl":"https:\/\/texpak.com.br\/blog\/wp-content\/uploads\/2023\/11\/sustentabilidade-e-responsabilidade-ambiental.jpg","width":1600,"height":600},{"@type":"BreadcrumbList","@id":"https:\/\/texpak.com.br\/blog\/sustentabilidade-e-responsabilidade-ambiental-o-compromisso-da-texpak-com-o-meio-ambiente\/#breadcrumb","itemListElement":[{"@type":"ListItem","position":1,"name":"In\u00edcio","item":"https:\/\/texpak.com.br\/blog\/"},{"@type":"ListItem","position":2,"name":"Sustentabilidade e responsabilidade ambiental: O compromisso da TexPak com o meio ambiente"}]},{"@type":"WebSite","@id":"https:\/\/texpak.com.br\/blog\/#website","url":"https:\/\/texpak.com.br\/blog\/","name":"Texpak | Informa\u00e7\u00f5es e Not\u00edcias","description":"Tubos de papel\u00e3o um forte aliado em seus processos de fabrica\u00e7\u00e3o, armazenagem e at\u00e9 mesmo uso final dos seus produtos pelo consumidor.","potentialAction":[{"@type":"SearchAction","target":{"@type":"EntryPoint","urlTemplate":"https:\/\/texpak.com.br\/blog\/?s={search_term_string}"},"query-input":{"@type":"PropertyValueSpecification","valueRequired":true,"valueName":"search_term_string"}}],"inLanguage":"pt-BR"},{"@type":"Person","@id":"https:\/\/texpak.com.br\/blog\/#\/schema\/person\/10630f2b866c5d8070b4c491a7aec830","name":"idonea","image":{"@type":"ImageObject","inLanguage":"pt-BR","@id":"https:\/\/secure.gravatar.com\/avatar\/2ca9b110f6b70ee29eca70b2f0f5cef72b092083fc2c446faae973e015e77bae?s=96&d=mm&r=g","url":"https:\/\/secure.gravatar.com\/avatar\/2ca9b110f6b70ee29eca70b2f0f5cef72b092083fc2c446faae973e015e77bae?s=96&d=mm&r=g","contentUrl":"https:\/\/secure.gravatar.com\/avatar\/2ca9b110f6b70ee29eca70b2f0f5cef72b092083fc2c446faae973e015e77bae?s=96&d=mm&r=g","caption":"idonea"},"sameAs":["https:\/\/texpak.com.br\/blog"],"url":"https:\/\/texpak.com.br\/blog\/author\/idonea\/"}]}},"_links":{"self":[{"href":"https:\/\/texpak.com.br\/blog\/wp-json\/wp\/v2\/posts\/334","targetHints":{"allow":["GET"]}}],"collection":[{"href":"https:\/\/texpak.com.br\/blog\/wp-json\/wp\/v2\/posts"}],"about":[{"href":"https:\/\/texpak.com.br\/blog\/wp-json\/wp\/v2\/types\/post"}],"author":[{"embeddable":true,"href":"https:\/\/texpak.com.br\/blog\/wp-json\/wp\/v2\/users\/1"}],"replies":[{"embeddable":true,"href":"https:\/\/texpak.com.br\/blog\/wp-json\/wp\/v2\/comments?post=334"}],"version-history":[{"count":1,"href":"https:\/\/texpak.com.br\/blog\/wp-json\/wp\/v2\/posts\/334\/revisions"}],"predecessor-version":[{"id":336,"href":"https:\/\/texpak.com.br\/blog\/wp-json\/wp\/v2\/posts\/334\/revisions\/336"}],"wp:featuredmedia":[{"embeddable":true,"href":"https:\/\/texpak.com.br\/blog\/wp-json\/wp\/v2\/media\/335"}],"wp:attachment":[{"href":"https:\/\/texpak.com.br\/blog\/wp-json\/wp\/v2\/media?parent=334"}],"wp:term":[{"taxonomy":"category","embeddable":true,"href":"https:\/\/texpak.com.br\/blog\/wp-json\/wp\/v2\/categories?post=334"},{"taxonomy":"post_tag","embeddable":true,"href":"https:\/\/texpak.com.br\/blog\/wp-json\/wp\/v2\/tags?post=334"}],"curies":[{"name":"wp","href":"https:\/\/api.w.org\/{rel}","templated":true}]}}